{"id":10501,"date":"2019-05-16T10:30:28","date_gmt":"2019-05-16T13:30:28","guid":{"rendered":"https:\/\/www.paranapraia.com.br\/?p=10501"},"modified":"2019-05-16T10:30:30","modified_gmt":"2019-05-16T13:30:30","slug":"dois-ficam-feridos-em-batida-de-moto-contra-onibus","status":"publish","type":"post","link":"https:\/\/www.paranapraia.com.br\/index.php\/2019\/05\/16\/dois-ficam-feridos-em-batida-de-moto-contra-onibus\/","title":{"rendered":"Dois ficam feridos em batida de moto contra \u00f4nibus"},"content":{"rendered":"\n<p>Um motociclista e o garupa tiveram\u00a0ferimentos graves\u00a0em um acidente na manh\u00e3 desta quinta-feira (16), no bairro Cabral, em Curitiba. Ambos foram parar embaixo do rodado de um ligeir\u00e3o que faz a linha Santa C\u00e2ndida\/Pra\u00e7a do Jap\u00e3o. Nenhum passageiro ficou ferido. Ambul\u00e2ncias levaram as duas v\u00edtimas ao Hospital Evang\u00e9lico.<\/p>\n\n\n\n<p>O acidente aconteceu na Avenida Paran\u00e1 esquina com a rua S\u00e3o Pedro. O ligeir\u00e3o seguia sentido bairro quando a motocicleta foi atingida. Cerca de vinte passageiros que estavam no coletivo desembarcaram para seguir em outro \u00f4nibus, enquanto ambul\u00e2ncias realizavam o socorro das v\u00edtimas.<\/p>\n\n\n\n<p>O policial Pagangliso do Batalh\u00e3o de Pol\u00edcia de Tr\u00e2nsito (Bptran) disse que os dois rapazes que estavam na motocicleta tiveram ferimentos graves. \u201cDuas v\u00edtimas que precisam de aten\u00e7\u00e3o e foram encaminhadas ao Hospital Evang\u00e9lico, sem identifica\u00e7\u00e3o no local. Foi uma colis\u00e3o transversal com o biarticulado. O garupa quer muita aten\u00e7\u00e3o, mas ambos est\u00e3o bem graves\u201d, detalhou.<\/p>\n\n\n\n<p>Segundo o policial, h\u00e1 apenas a vers\u00e3o do motorista do ligeir\u00e3o no local. \u201cEle contou que estava verde para ele e que os dois da moto avan\u00e7aram. Isso ser\u00e1 checado\u201d, finalizou.<\/p>\n\n\n\n<p>Banda B<\/p>\n\n\n\n<p><br><br><\/p>\n","protected":false},"excerpt":{"rendered":"<p>Um motociclista e o garupa tiveram\u00a0ferimentos graves\u00a0em um acidente na manh\u00e3 desta quinta-feira (16), no bairro Cabral, em Curitiba. Ambos foram parar embaixo do rodado de um ligeir\u00e3o que faz a linha Santa C\u00e2ndida\/Pra\u00e7a do Jap\u00e3o. Nenhum passageiro ficou ferido. Ambul\u00e2ncias levaram as duas v\u00edtimas ao Hospital Evang\u00e9lico. O acidente aconteceu na Avenida Paran\u00e1 esquina [&hellip;]<\/p>\n","protected":false},"author":2,"featured_media":10502,"comment_status":"open","ping_status":"open","sticky":false,"template":"","format":"standard","meta":{"advanced_seo_description":"","jetpack_seo_html_title":"","jetpack_seo_noindex":false,"_jetpack_memberships_contains_paid_content":false,"footnotes":""},"categories":[52],"tags":[],"class_list":{"0":"post-10501","1":"post","2":"type-post","3":"status-publish","4":"format-standard","5":"has-post-thumbnail","7":"category-acidentes"},"jetpack_featured_media_url":"https:\/\/www.paranapraia.com.br\/wp-content\/uploads\/2019\/05\/bomb-1.jpg","jetpack_sharing_enabled":true,"_links":{"self":[{"href":"https:\/\/www.paranapraia.com.br\/index.php\/wp-json\/wp\/v2\/posts\/10501"}],"collection":[{"href":"https:\/\/www.paranapraia.com.br\/index.php\/wp-json\/wp\/v2\/posts"}],"about":[{"href":"https:\/\/www.paranapraia.com.br\/index.php\/wp-json\/wp\/v2\/types\/post"}],"author":[{"embeddable":true,"href":"https:\/\/www.paranapraia.com.br\/index.php\/wp-json\/wp\/v2\/users\/2"}],"replies":[{"embeddable":true,"href":"https:\/\/www.paranapraia.com.br\/index.php\/wp-json\/wp\/v2\/comments?post=10501"}],"version-history":[{"count":1,"href":"https:\/\/www.paranapraia.com.br\/index.php\/wp-json\/wp\/v2\/posts\/10501\/revisions"}],"predecessor-version":[{"id":10503,"href":"https:\/\/www.paranapraia.com.br\/index.php\/wp-json\/wp\/v2\/posts\/10501\/revisions\/10503"}],"wp:featuredmedia":[{"embeddable":true,"href":"https:\/\/www.paranapraia.com.br\/index.php\/wp-json\/wp\/v2\/media\/10502"}],"wp:attachment":[{"href":"https:\/\/www.paranapraia.com.br\/index.php\/wp-json\/wp\/v2\/media?parent=10501"}],"wp:term":[{"taxonomy":"category","embeddable":true,"href":"https:\/\/www.paranapraia.com.br\/index.php\/wp-json\/wp\/v2\/categories?post=10501"},{"taxonomy":"post_tag","embeddable":true,"href":"https:\/\/www.paranapraia.com.br\/index.php\/wp-json\/wp\/v2\/tags?post=10501"}],"curies":[{"name":"wp","href":"https:\/\/api.w.org\/{rel}","templated":true}]}}