{"id":10443,"date":"2019-05-15T19:02:12","date_gmt":"2019-05-15T22:02:12","guid":{"rendered":"https:\/\/www.paranapraia.com.br\/?p=10443"},"modified":"2019-05-15T19:02:14","modified_gmt":"2019-05-15T22:02:14","slug":"filho-de-bolsonaro-teme-que-pai-sofra-golpe-e-perca-mandato-de-presidente","status":"publish","type":"post","link":"https:\/\/www.paranapraia.com.br\/index.php\/2019\/05\/15\/filho-de-bolsonaro-teme-que-pai-sofra-golpe-e-perca-mandato-de-presidente\/","title":{"rendered":"Filho de Bolsonaro teme que pai sofra \u2018golpe\u2019 e perca mandato de presidente"},"content":{"rendered":"\n<p>O vereador <strong>Carlos Bolsonaro<\/strong>\u00a0(PSL), filho do presidente\u00a0<strong>Jair Bolsonaro<\/strong>, afirmou que \u201co que est\u00e1 por vir, pode derrubar o Capit\u00e3o eleito\u201d, referindo-se a seu pai. Ele n\u00e3o d\u00e1 mais detalhes, contudo, de qual seria a motiva\u00e7\u00e3o.<\/p>\n\n\n\n<p>\u201cOnde est\u00e3o os caras feias, os identificadores de problemas, os escritores de cartas para aliados \u2018desbocados\u2019? O sil\u00eancio n\u00e3o tem nada a ver com a descoberta de seus devidos lugares. O que est\u00e1 por vir, pode derrubar o Capit\u00e3o eleito. O que querem \u00e9 claro!\u201d, afirma Carlos Bolsonaro, em seu perfil no Twitter.<\/p>\n\n\n\n<p>O post \u00e9 acompanhado de um v\u00eddeo de quase 13 minutos do\u00a0<strong>youtuber Daniel Lopez<\/strong>. \u201cJ\u00e1 est\u00e1 tudo engatilhado l\u00e1 em Bras\u00edlia para detonar com o Governo, pegar o Brasil e esmagar, amassar e jogar no lixo\u201d, diz ele, convocando apoiadores do presidente Bolsonaro.<\/p>\n\n\n\n<p>Lopez destaca que Jair Bolsonaro est\u00e1 diante de uma \u201cenorme press\u00e3o\u201d, com o Centr\u00e3o de um lado e do outro o presidente da C\u00e2mara dos Deputados,&nbsp;<strong>Rodrigo Maia<\/strong>. Cita a medida provis\u00f3ria 870, que reorganizou os minist\u00e9rios e toda a estrutura de governo e que vence dia 3 de junho. \u201cSe essa MP caducar no dia 3 de junho, o Bolsonaro perde toda a estrutura de governo dele e ele ter\u00e1 de governar com a estrutura de governo de Michel Temer. Ele teria mais sete minist\u00e9rios, ou seja 29 inv\u00e9s dos 22 que ele tem hoje\u201d, alerta o youtuber.<\/p>\n\n\n\n<p>A nomea\u00e7\u00e3o de mais sete ministros, segundo ele, \u00e9 um \u201cenorme problema\u201d e pode \u201catrapalhar muito\u201d o governo, colocando-o em um momento \u201ccr\u00edtico, sem sa\u00edda e numa encruzilhada total\u201d. Chama aten\u00e7\u00e3o ainda para o interesse dos deputados em Bras\u00edlia ser o de Bolsonaro retomar sete minist\u00e9rios para \u201cbarganhar novos cargos\u201d.<\/p>\n\n\n\n<p>De acordo com o youtuber, se Bolsonaro voltar a ter sete minist\u00e9rios ele vai ter muito mais gastos no seu governo, correndo o risco de descumprir o Or\u00e7amento. Ele lembra que o governo j\u00e1 pediu um cr\u00e9dito adicional de cerca de R$ 250 bilh\u00f5es para arcar com despesas correntes.<\/p>\n\n\n\n<p>\u201cSe o governo n\u00e3o cumprir o Or\u00e7amento, descumpre a responsabilidade fiscal e teria de fazer pedaladas fiscais. \u00c9 um crime de responsabilidade e isso foi exatamente o que levou Dilma ao impeachment\u201d, diz Lopez. \u201cO que est\u00e1 sendo engatilhado \u00e9 o impeachment de Bolsonaro\u201d, acrescenta.<\/p>\n\n\n\n<p>Por fim, o youtuber pede aos apoiadores de Bolsonaro para pressionarem a vota\u00e7\u00e3o nominal da MP 870. Isso porque nesse formato \u00e9 poss\u00edvel indicar os votos de cada parlamentar.<br><\/p>\n\n\n\n<p>TribunaPr<\/p>\n","protected":false},"excerpt":{"rendered":"<p>O vereador Carlos Bolsonaro\u00a0(PSL), filho do presidente\u00a0Jair Bolsonaro, afirmou que \u201co que est\u00e1 por vir, pode derrubar o Capit\u00e3o eleito\u201d, referindo-se a seu pai. Ele n\u00e3o d\u00e1 mais detalhes, contudo, de qual seria a motiva\u00e7\u00e3o. \u201cOnde est\u00e3o os caras feias, os identificadores de problemas, os escritores de cartas para aliados \u2018desbocados\u2019? O sil\u00eancio n\u00e3o tem [&hellip;]<\/p>\n","protected":false},"author":2,"featured_media":10444,"comment_status":"open","ping_status":"open","sticky":false,"template":"","format":"standard","meta":{"advanced_seo_description":"","jetpack_seo_html_title":"","jetpack_seo_noindex":false,"_jetpack_memberships_contains_paid_content":false,"footnotes":""},"categories":[32],"tags":[],"class_list":{"0":"post-10443","1":"post","2":"type-post","3":"status-publish","4":"format-standard","5":"has-post-thumbnail","7":"category-politica"},"jetpack_featured_media_url":"https:\/\/www.paranapraia.com.br\/wp-content\/uploads\/2019\/05\/iuy.jpg","jetpack_sharing_enabled":true,"_links":{"self":[{"href":"https:\/\/www.paranapraia.com.br\/index.php\/wp-json\/wp\/v2\/posts\/10443"}],"collection":[{"href":"https:\/\/www.paranapraia.com.br\/index.php\/wp-json\/wp\/v2\/posts"}],"about":[{"href":"https:\/\/www.paranapraia.com.br\/index.php\/wp-json\/wp\/v2\/types\/post"}],"author":[{"embeddable":true,"href":"https:\/\/www.paranapraia.com.br\/index.php\/wp-json\/wp\/v2\/users\/2"}],"replies":[{"embeddable":true,"href":"https:\/\/www.paranapraia.com.br\/index.php\/wp-json\/wp\/v2\/comments?post=10443"}],"version-history":[{"count":1,"href":"https:\/\/www.paranapraia.com.br\/index.php\/wp-json\/wp\/v2\/posts\/10443\/revisions"}],"predecessor-version":[{"id":10445,"href":"https:\/\/www.paranapraia.com.br\/index.php\/wp-json\/wp\/v2\/posts\/10443\/revisions\/10445"}],"wp:featuredmedia":[{"embeddable":true,"href":"https:\/\/www.paranapraia.com.br\/index.php\/wp-json\/wp\/v2\/media\/10444"}],"wp:attachment":[{"href":"https:\/\/www.paranapraia.com.br\/index.php\/wp-json\/wp\/v2\/media?parent=10443"}],"wp:term":[{"taxonomy":"category","embeddable":true,"href":"https:\/\/www.paranapraia.com.br\/index.php\/wp-json\/wp\/v2\/categories?post=10443"},{"taxonomy":"post_tag","embeddable":true,"href":"https:\/\/www.paranapraia.com.br\/index.php\/wp-json\/wp\/v2\/tags?post=10443"}],"curies":[{"name":"wp","href":"https:\/\/api.w.org\/{rel}","templated":true}]}}