{"id":10440,"date":"2019-05-15T19:00:41","date_gmt":"2019-05-15T22:00:41","guid":{"rendered":"https:\/\/www.paranapraia.com.br\/?p=10440"},"modified":"2019-05-15T19:00:43","modified_gmt":"2019-05-15T22:00:43","slug":"oleo-na-pista-causa-queda-de-pelo-menos-cinco-motociclistas-na-linha-verde","status":"publish","type":"post","link":"https:\/\/www.paranapraia.com.br\/index.php\/2019\/05\/15\/oleo-na-pista-causa-queda-de-pelo-menos-cinco-motociclistas-na-linha-verde\/","title":{"rendered":"\u00d3leo na pista causa queda de pelo menos cinco motociclistas na Linha Verde"},"content":{"rendered":"\n<h4 class=\"wp-block-heading\">O caso aconteceu na tarde desta quarta-feira (15), perto da Avenida Victor Ferreira do Amaral<\/h4>\n\n\n\n<p>Um\u00a0<strong>derramamento de \u00f3leo\u00a0<\/strong>na\u00a0<strong>faixa central da Linha Verde<\/strong>, pr\u00f3ximo da Avenida Victor Ferreira do Amaral, causou a queda de pelo menos\u00a0<strong>cinco motociclistas\u00a0<\/strong>na tarde desta quarta-feira (15). A<strong>\u00a0Pol\u00edcia Rodovi\u00e1ria Federal (PRF)\u00a0<\/strong>afirmou que n\u00e3o se sabe sobre qual \u00e9 a origem do material, que atingiu a pista sentido\u00a0<strong>Colombo<\/strong>, na regi\u00e3o metropolitana de Curitiba.<\/p>\n\n\n\n<p>Uma equipe da PRF passou pelo local com a presen\u00e7a de uma equipe da Secretaria Municipal de Tr\u00e2nsito (Setran). Funcion\u00e1rios da empresa Cavo foram acionados para fazer a limpeza da rodovia. O \u00f3leo atingiu uma extens\u00e3o de aproximadamente 60 metros.<\/p>\n\n\n\n<p>De acordo coma PRF, apesar do susto, todas as quedas foram sem gravidade. Todos os envolvidos dispensaram atendimento m\u00e9dico e seguiram viagem.<\/p>\n\n\n\n<p>BandaB<\/p>\n\n\n\n<p><br><\/p>\n","protected":false},"excerpt":{"rendered":"<p>O caso aconteceu na tarde desta quarta-feira (15), perto da Avenida Victor Ferreira do Amaral Um\u00a0derramamento de \u00f3leo\u00a0na\u00a0faixa central da Linha Verde, pr\u00f3ximo da Avenida Victor Ferreira do Amaral, causou a queda de pelo menos\u00a0cinco motociclistas\u00a0na tarde desta quarta-feira (15). A\u00a0Pol\u00edcia Rodovi\u00e1ria Federal (PRF)\u00a0afirmou que n\u00e3o se sabe sobre qual \u00e9 a origem do material, [&hellip;]<\/p>\n","protected":false},"author":2,"featured_media":10441,"comment_status":"open","ping_status":"open","sticky":false,"template":"","format":"standard","meta":{"advanced_seo_description":"","jetpack_seo_html_title":"","jetpack_seo_noindex":false,"_jetpack_memberships_contains_paid_content":false,"footnotes":""},"categories":[52],"tags":[],"class_list":{"0":"post-10440","1":"post","2":"type-post","3":"status-publish","4":"format-standard","5":"has-post-thumbnail","7":"category-acidentes"},"jetpack_featured_media_url":"https:\/\/www.paranapraia.com.br\/wp-content\/uploads\/2019\/05\/linhaverde-768x512.jpg","jetpack_sharing_enabled":true,"_links":{"self":[{"href":"https:\/\/www.paranapraia.com.br\/index.php\/wp-json\/wp\/v2\/posts\/10440"}],"collection":[{"href":"https:\/\/www.paranapraia.com.br\/index.php\/wp-json\/wp\/v2\/posts"}],"about":[{"href":"https:\/\/www.paranapraia.com.br\/index.php\/wp-json\/wp\/v2\/types\/post"}],"author":[{"embeddable":true,"href":"https:\/\/www.paranapraia.com.br\/index.php\/wp-json\/wp\/v2\/users\/2"}],"replies":[{"embeddable":true,"href":"https:\/\/www.paranapraia.com.br\/index.php\/wp-json\/wp\/v2\/comments?post=10440"}],"version-history":[{"count":1,"href":"https:\/\/www.paranapraia.com.br\/index.php\/wp-json\/wp\/v2\/posts\/10440\/revisions"}],"predecessor-version":[{"id":10442,"href":"https:\/\/www.paranapraia.com.br\/index.php\/wp-json\/wp\/v2\/posts\/10440\/revisions\/10442"}],"wp:featuredmedia":[{"embeddable":true,"href":"https:\/\/www.paranapraia.com.br\/index.php\/wp-json\/wp\/v2\/media\/10441"}],"wp:attachment":[{"href":"https:\/\/www.paranapraia.com.br\/index.php\/wp-json\/wp\/v2\/media?parent=10440"}],"wp:term":[{"taxonomy":"category","embeddable":true,"href":"https:\/\/www.paranapraia.com.br\/index.php\/wp-json\/wp\/v2\/categories?post=10440"},{"taxonomy":"post_tag","embeddable":true,"href":"https:\/\/www.paranapraia.com.br\/index.php\/wp-json\/wp\/v2\/tags?post=10440"}],"curies":[{"name":"wp","href":"https:\/\/api.w.org\/{rel}","templated":true}]}}