{"id":10431,"date":"2019-05-15T15:14:06","date_gmt":"2019-05-15T18:14:06","guid":{"rendered":"https:\/\/www.paranapraia.com.br\/?p=10431"},"modified":"2019-05-15T15:14:12","modified_gmt":"2019-05-15T18:14:12","slug":"em-um-ano-curitiba-teve-quase-600-casos-de-violencia-sexual-contra-criancas-e-adolescentes","status":"publish","type":"post","link":"https:\/\/www.paranapraia.com.br\/index.php\/2019\/05\/15\/em-um-ano-curitiba-teve-quase-600-casos-de-violencia-sexual-contra-criancas-e-adolescentes\/","title":{"rendered":"Em um ano, Curitiba teve quase 600 casos de viol\u00eancia sexual contra crian\u00e7as e adolescentes"},"content":{"rendered":"\n<h4 class=\"wp-block-heading\">S\u00f3 em 2018, 599 casos de viol\u00eancia sexual contra crian\u00e7as e adolescentes foram registrados nas dez regionais de Curitiba<\/h4>\n\n\n\n<p>O Minist\u00e9rio P\u00fablico do Paran\u00e1 lan\u00e7ou nesta semana (no dia 14 de maio) a Liga Boqueir\u00e3o de Enfrentamento \u00e0 Viol\u00eancia Sexual contra Crian\u00e7as e Adolescentes, um projeto-piloto da institui\u00e7\u00e3o que objetiva oferecer suporte completo \u00e0s v\u00edtimas de crimes sexuais e suas fam\u00edlias. O trabalho \u00e9 realizado por meio da Promotoria do Boqueir\u00e3o, que atende os bairros Hauer, Xaxim, Boqueir\u00e3o e Alto Boqueir\u00e3o \u2013 um universo de quase 200 mil pessoas.<\/p>\n\n\n\n<p>S\u00f3 em 2018, 599 casos de viol\u00eancia sexual contra crian\u00e7as e adolescentes (o n\u00famero inclui situa\u00e7\u00f5es confirmadas e suspeitas) foram registrados nas dez regionais de Curitiba pelo Sistema Nacional de Atendimento M\u00e9dico (Sinam). Com 76 registros, a Regional do Boqueir\u00e3o figura entre as que mant\u00e9m o n\u00famero mais elevado de casos na capital.<\/p>\n\n\n\n<p>A cerim\u00f4nia de lan\u00e7amento foi aberta pelo procurador-geral de Justi\u00e7a, Ivonei Sfoggia, que destacou em sua fala a import\u00e2ncia do trabalho ter como p\u00fablico-alvo as crian\u00e7as e adolescentes que sofrem abuso. \u201cS\u00e3o pessoas que ainda est\u00e3o em forma\u00e7\u00e3o, que precisam ser protegidas, tratadas e cuidadas, visto que essa forma de viol\u00eancia deixa marcas profundas\u201d, disse Ivonei, refor\u00e7ando tamb\u00e9m a necessidade da participa\u00e7\u00e3o do Munic\u00edpio na a\u00e7\u00e3o. \u201c\u00c9 muito importante que a prefeitura de Curitiba adote esse projeto como pol\u00edtica p\u00fablica para todos os bairros da capital, para toda cidade. Contamos com a parceria do Munic\u00edpio nesse sentido\u201d, afirmou o procurador-geral, lembrando ainda que a prote\u00e7\u00e3o e garantia dos direitos das crian\u00e7as e adolescentes \u00e9 parte da miss\u00e3o constitucional do Minist\u00e9rio P\u00fablico.<\/p>\n\n\n\n<p>Coordenado pelo promotor de Justi\u00e7a Eduardo Alfredo de Melo Sim\u00f5es Monteiro, o projeto foi elaborado com o apoio da Subprocuradoria-Geral de Justi\u00e7a para Assuntos de Planejamento Institucional (Subplan) e do N\u00facleo de Apoio T\u00e9cnico Especializado do Centro de Apoio T\u00e9cnico \u00e0 Execu\u00e7\u00e3o (Nate-Caex). A data do lan\u00e7amento foi escolhida a prop\u00f3sito do Dia Nacional de Combate ao Abuso e \u00e0 Viol\u00eancia Sexual contra Crian\u00e7as e Adolescentes, lembrado no dia 18 de maio.<\/p>\n\n\n\n<p>Al\u00e9m do procurador-geral de Justi\u00e7a, a solenidade teve a participa\u00e7\u00e3o do coordenador do N\u00facleo de Inf\u00e2ncia e Juventude da Defensoria P\u00fablica do Paran\u00e1, Marcelo Diniz; da ju\u00edza Gianne Maria Moreschi, do F\u00f3rum Descentralizado do Boqueir\u00e3o; da diretora do Departamento de Pol\u00edticas P\u00fablicas para Crian\u00e7as, Adolescentes e Idosos da Secretaria de Estado da Justi\u00e7a, Fam\u00edlia e Trabalho, \u00c2ngela Cristianne Lunedo de Mendon\u00e7a; do advogado Marcelo Garcia Neves, que integra a Comiss\u00e3o da Crian\u00e7a e Adolescente da OAB do Paran\u00e1; da supervisora regional do Boqueir\u00e3o da Funda\u00e7\u00e3o de A\u00e7\u00e3o Social (FAS), Valdirene Alves Pires; da supervisora de gest\u00e3o da Secretaria Municipal de Sa\u00fade, Fl\u00e1via Celene Quadros; da chefe do N\u00facleo Regional de Educa\u00e7\u00e3o do Boqueir\u00e3o, Nilce Cardoso Malage, e do diretor da ESIC Business &amp; Marketing School, padre Ari Jo\u00e3o Erthal.<\/p>\n\n\n\n<h2 class=\"wp-block-heading\"><strong>Tratamento diferenciado<\/strong><\/h2>\n\n\n\n<p>A Liga Boqueir\u00e3o de Enfrentamento \u00e0 Viol\u00eancia Sexual contra Crian\u00e7as e Adolescentes teve sua formula\u00e7\u00e3o iniciada em 2017, com o prop\u00f3sito de tratar tais situa\u00e7\u00f5es considerando a premissa da v\u00edtima como sujeito de direito, como preconiza a legisla\u00e7\u00e3o que organiza o Sistema de Garantia de Direitos da Crian\u00e7a e do Adolescente (Lei 13.431\/2017). \u201cNossa inten\u00e7\u00e3o \u00e9 fazer com que essas crian\u00e7as e adolescentes recebam um tratamento diferenciado desde a constata\u00e7\u00e3o da viol\u00eancia, para que consigam ressignificar e superar a situa\u00e7\u00e3o e seguir com suas vidas\u201d, diz o promotor de Justi\u00e7a Eduardo Alfredo de Melo Sim\u00f5es Monteiro, respons\u00e1vel pelo trabalho.<\/p>\n\n\n\n<p>Inspirada no universo dos super-her\u00f3is, a Liga ter\u00e1 16 a\u00e7\u00f5es integradas (algumas j\u00e1 em andamento) organizadas a partir de quatro eixos de atua\u00e7\u00e3o: Participa\u00e7\u00e3o, Protagonismo, Comunica\u00e7\u00e3o e Mobiliza\u00e7\u00e3o; Preven\u00e7\u00e3o; Aten\u00e7\u00e3o e Pesquisa e Responsabiliza\u00e7\u00e3o. O trabalho ser\u00e1 conduzido em diferentes frentes, incluindo a interlocu\u00e7\u00e3o direta com as v\u00edtimas (da escuta qualificada ao atendimento m\u00e9dico e psicol\u00f3gico especializada), o suporte \u00e0s fam\u00edlias (com atua\u00e7\u00e3o de profissionais de servi\u00e7o social), a realiza\u00e7\u00e3o de a\u00e7\u00f5es nas comunidades (palestras educativas nas escolas da regi\u00e3o) e at\u00e9 a responsabiliza\u00e7\u00e3o dos agressores (com a persecu\u00e7\u00e3o penal). \u201cTrata-se de uma a\u00e7\u00e3o multidisciplinar, que envolve de forma igualit\u00e1ria o Minist\u00e9rio P\u00fablico, o Poder Judici\u00e1rio, a Defensoria P\u00fablica, os Conselhos Tutelares, os pr\u00f3prios moradores da regi\u00e3o, estudantes, professores, pais de alunos e o Munic\u00edpio, com profissionais do Servi\u00e7o Social, Psicologia, Medicina e Educa\u00e7\u00e3o, bem como a comunidade. \u00c9 um projeto em que todos trabalham juntos, tendo como foco principal a v\u00edtima\u201d, diz o promotor.<\/p>\n\n\n\n<h2 class=\"wp-block-heading\"><strong>Pacto de sil\u00eancio<\/strong><\/h2>\n\n\n\n<p>Em todo o pa\u00eds, entre 2011 e 2017, houve 184.524 casos viol\u00eancia sexual contra crian\u00e7as e adolescentes registrados na rede p\u00fablica de sa\u00fade, conforme o boletim\u00a0An\u00e1lise Epidemiol\u00f3gica da Viol\u00eancia Sexual contra Crian\u00e7as e Adolescentes no Brasil, divulgado em junho do ano passado pelo governo federal e que embasa a cartilha de lan\u00e7amento da Liga. \u201cUm ponto que precisa ser destacado \u00e9 o de que esses n\u00fameros, na realidade, s\u00e3o muito maiores, visto que, como regra, a viol\u00eancia sexual contra crian\u00e7as e adolescentes \u00e9 subnotificada, tratada como segredo\u201d, afirma Eduardo. \u201cEstima-se que apenas 10% dos casos s\u00e3o notificados. Trata-se de um crime silencioso, que quase sempre, infelizmente, fica restrito \u00e0s v\u00edtimas e seus agressores\u201d, diz o promotor.<\/p>\n\n\n\n<p>Ele lembra ainda que o perfil dessas notifica\u00e7\u00f5es mostra que as crian\u00e7as e adolescentes s\u00e3o geralmente agredidos em casa (70% dos casos), por agressores do sexo masculino (80%), que mantinham v\u00ednculo de parentesco\/amizade com as v\u00edtimas (64%). \u201cCom o projeto queremos que a sociedade compreenda que o abuso sexual contra crian\u00e7as e adolescentes est\u00e1 muito mais pr\u00f3ximo do que se imagina\u201d, conta o promotor. \u201cTamb\u00e9m esperamos que, a partir das a\u00e7\u00f5es educativas, crian\u00e7as e adolescentes se sintam fortalecidos para se defender e, quando n\u00e3o for poss\u00edvel prevenir o abuso, que as v\u00edtimas se sintam encorajadas a buscar ajuda e romper esse ciclo de viol\u00eancia\u201d, diz Eduardo.<\/p>\n\n\n\n<p>BandaB<\/p>\n","protected":false},"excerpt":{"rendered":"<p>S\u00f3 em 2018, 599 casos de viol\u00eancia sexual contra crian\u00e7as e adolescentes foram registrados nas dez regionais de Curitiba O Minist\u00e9rio P\u00fablico do Paran\u00e1 lan\u00e7ou nesta semana (no dia 14 de maio) a Liga Boqueir\u00e3o de Enfrentamento \u00e0 Viol\u00eancia Sexual contra Crian\u00e7as e Adolescentes, um projeto-piloto da institui\u00e7\u00e3o que objetiva oferecer suporte completo \u00e0s v\u00edtimas [&hellip;]<\/p>\n","protected":false},"author":2,"featured_media":10432,"comment_status":"open","ping_status":"open","sticky":false,"template":"","format":"standard","meta":{"advanced_seo_description":"","jetpack_seo_html_title":"","jetpack_seo_noindex":false,"_jetpack_memberships_contains_paid_content":false,"footnotes":""},"categories":[33],"tags":[],"class_list":{"0":"post-10431","1":"post","2":"type-post","3":"status-publish","4":"format-standard","5":"has-post-thumbnail","7":"category-policia"},"jetpack_featured_media_url":"https:\/\/www.paranapraia.com.br\/wp-content\/uploads\/2019\/05\/upa.jpg","jetpack_sharing_enabled":true,"_links":{"self":[{"href":"https:\/\/www.paranapraia.com.br\/index.php\/wp-json\/wp\/v2\/posts\/10431"}],"collection":[{"href":"https:\/\/www.paranapraia.com.br\/index.php\/wp-json\/wp\/v2\/posts"}],"about":[{"href":"https:\/\/www.paranapraia.com.br\/index.php\/wp-json\/wp\/v2\/types\/post"}],"author":[{"embeddable":true,"href":"https:\/\/www.paranapraia.com.br\/index.php\/wp-json\/wp\/v2\/users\/2"}],"replies":[{"embeddable":true,"href":"https:\/\/www.paranapraia.com.br\/index.php\/wp-json\/wp\/v2\/comments?post=10431"}],"version-history":[{"count":1,"href":"https:\/\/www.paranapraia.com.br\/index.php\/wp-json\/wp\/v2\/posts\/10431\/revisions"}],"predecessor-version":[{"id":10433,"href":"https:\/\/www.paranapraia.com.br\/index.php\/wp-json\/wp\/v2\/posts\/10431\/revisions\/10433"}],"wp:featuredmedia":[{"embeddable":true,"href":"https:\/\/www.paranapraia.com.br\/index.php\/wp-json\/wp\/v2\/media\/10432"}],"wp:attachment":[{"href":"https:\/\/www.paranapraia.com.br\/index.php\/wp-json\/wp\/v2\/media?parent=10431"}],"wp:term":[{"taxonomy":"category","embeddable":true,"href":"https:\/\/www.paranapraia.com.br\/index.php\/wp-json\/wp\/v2\/categories?post=10431"},{"taxonomy":"post_tag","embeddable":true,"href":"https:\/\/www.paranapraia.com.br\/index.php\/wp-json\/wp\/v2\/tags?post=10431"}],"curies":[{"name":"wp","href":"https:\/\/api.w.org\/{rel}","templated":true}]}}