{"id":10428,"date":"2019-05-15T15:11:49","date_gmt":"2019-05-15T18:11:49","guid":{"rendered":"https:\/\/www.paranapraia.com.br\/?p=10428"},"modified":"2019-05-15T15:11:50","modified_gmt":"2019-05-15T18:11:50","slug":"justica-nega-pedido-de-liberdade-da-avo-suspeita-de-participacao-na-morte-da-neta-em-rolandia","status":"publish","type":"post","link":"https:\/\/www.paranapraia.com.br\/index.php\/2019\/05\/15\/justica-nega-pedido-de-liberdade-da-avo-suspeita-de-participacao-na-morte-da-neta-em-rolandia\/","title":{"rendered":"Justi\u00e7a nega pedido de liberdade da av\u00f3 suspeita de participa\u00e7\u00e3o na morte da neta em Rol\u00e2ndia"},"content":{"rendered":"\n<h4 class=\"wp-block-heading\">Juiz afirma que Pol\u00edcia Civil ainda n\u00e3o concluiu as investiga\u00e7\u00f5es e, por isso, Terezinha de Jesus Guinaia ainda n\u00e3o pode ser solta.<\/h4>\n\n\n\n<p>A Justi\u00e7a negou o pedido de liberdade provis\u00f3ria feito pela defesa de Terezinha de Jesus Guinaia, suspeita de participar da morte da neta em Rol\u00e2ndia, no norte do Paran\u00e1. A decis\u00e3o \u00e9 desta quarta-feira (15).<\/p>\n\n\n\n<p>Eduarda Shigematsu, tinha 11 anos, e desapareceu no dia 24 de abril. Quatro dias depois, ela foi encontrada morta nos fundos de uma casa que est\u00e1 no nome do pai dela, Ricardo Seidi.<\/p>\n\n\n\n<p>A av\u00f3 fez um Boletim de Ocorr\u00eancia sobre o desaparecimento no dia 25 de abril. No dia 28, o pai de Eduarda foi preso ap\u00f3s confessar que ocultou o cad\u00e1ver. Em depoimento \u00e0 pol\u00edcia, ele disse que fez isso ap\u00f3s encontrar a filha enforcada em casa. No entanto, o laudo do Instituto M\u00e9dico-Legal (IML) apontou que a menina foi esganada.<\/p>\n\n\n\n<p>Terezinha Guinaia foi presa temporariamente no dia 30 de abril porque, segundo a Pol\u00edcia Civil, ela \u00e9 suspeita de auxiliar o filho no homic\u00eddio e na oculta\u00e7\u00e3o do corpo, e considerou que havia risco de ela fugir da cidade.<\/p>\n\n\n\n<p>No dia 9 de maio,\u00a0a defesa entrou com um pedido de revoga\u00e7\u00e3o da pris\u00e3o, alegando que a av\u00f3 de Eduarda n\u00e3o atrapalharia as investiga\u00e7\u00f5es caso fosse solta.<\/p>\n\n\n\n<p>O juiz Alberto Jos\u00e9 Ludovico afirmou na decis\u00e3o que o pedido foi precoce, pois, segundo o Minist\u00e9rio P\u00fablico do Paran\u00e1 (MP-PR), a Pol\u00edcia Civil ainda n\u00e3o concluiu as investiga\u00e7\u00f5es sobre o caso. O magistrado pontua que, por exemplo, ainda n\u00e3o foram transcritas os di\u00e1logos encontrados em aplicativos de celulares.<\/p>\n\n\n\n<p>Na decis\u00e3o, a pris\u00e3o tempor\u00e1ria \u00e9 admiss\u00edvel quando h\u00e1 prova de crime de homic\u00eddio qualificado e ind\u00edcios. \u201cSitua\u00e7\u00e3o esta que n\u00e3o pode ser totalmente descartada neste momento em rela\u00e7\u00e3o \u00e0 investigada Terezinha\u201d, pontua o juiz.<\/p>\n\n\n\n<p>O advogado de Terezinha de Jesus Guinaia informou que n\u00e3o vai se manifestar sobre o assunto neste momento.<\/p>\n\n\n\n<p>G1<\/p>\n","protected":false},"excerpt":{"rendered":"<p>Juiz afirma que Pol\u00edcia Civil ainda n\u00e3o concluiu as investiga\u00e7\u00f5es e, por isso, Terezinha de Jesus Guinaia ainda n\u00e3o pode ser solta. A Justi\u00e7a negou o pedido de liberdade provis\u00f3ria feito pela defesa de Terezinha de Jesus Guinaia, suspeita de participar da morte da neta em Rol\u00e2ndia, no norte do Paran\u00e1. A decis\u00e3o \u00e9 desta [&hellip;]<\/p>\n","protected":false},"author":2,"featured_media":10429,"comment_status":"open","ping_status":"open","sticky":false,"template":"","format":"standard","meta":{"advanced_seo_description":"","jetpack_seo_html_title":"","jetpack_seo_noindex":false,"_jetpack_memberships_contains_paid_content":false,"footnotes":""},"categories":[42],"tags":[],"class_list":{"0":"post-10428","1":"post","2":"type-post","3":"status-publish","4":"format-standard","5":"has-post-thumbnail","7":"category-cidades"},"jetpack_featured_media_url":"https:\/\/www.paranapraia.com.br\/wp-content\/uploads\/2019\/05\/children.jpg","jetpack_sharing_enabled":true,"_links":{"self":[{"href":"https:\/\/www.paranapraia.com.br\/index.php\/wp-json\/wp\/v2\/posts\/10428"}],"collection":[{"href":"https:\/\/www.paranapraia.com.br\/index.php\/wp-json\/wp\/v2\/posts"}],"about":[{"href":"https:\/\/www.paranapraia.com.br\/index.php\/wp-json\/wp\/v2\/types\/post"}],"author":[{"embeddable":true,"href":"https:\/\/www.paranapraia.com.br\/index.php\/wp-json\/wp\/v2\/users\/2"}],"replies":[{"embeddable":true,"href":"https:\/\/www.paranapraia.com.br\/index.php\/wp-json\/wp\/v2\/comments?post=10428"}],"version-history":[{"count":1,"href":"https:\/\/www.paranapraia.com.br\/index.php\/wp-json\/wp\/v2\/posts\/10428\/revisions"}],"predecessor-version":[{"id":10430,"href":"https:\/\/www.paranapraia.com.br\/index.php\/wp-json\/wp\/v2\/posts\/10428\/revisions\/10430"}],"wp:featuredmedia":[{"embeddable":true,"href":"https:\/\/www.paranapraia.com.br\/index.php\/wp-json\/wp\/v2\/media\/10429"}],"wp:attachment":[{"href":"https:\/\/www.paranapraia.com.br\/index.php\/wp-json\/wp\/v2\/media?parent=10428"}],"wp:term":[{"taxonomy":"category","embeddable":true,"href":"https:\/\/www.paranapraia.com.br\/index.php\/wp-json\/wp\/v2\/categories?post=10428"},{"taxonomy":"post_tag","embeddable":true,"href":"https:\/\/www.paranapraia.com.br\/index.php\/wp-json\/wp\/v2\/tags?post=10428"}],"curies":[{"name":"wp","href":"https:\/\/api.w.org\/{rel}","templated":true}]}}