{"id":10425,"date":"2019-05-15T15:11:02","date_gmt":"2019-05-15T18:11:02","guid":{"rendered":"https:\/\/www.paranapraia.com.br\/?p=10425"},"modified":"2019-05-15T15:11:03","modified_gmt":"2019-05-15T18:11:03","slug":"estudantes-do-ifpr-bloqueiam-transito-na-joao-negrao-em-protesto-contra-bolsonaro","status":"publish","type":"post","link":"https:\/\/www.paranapraia.com.br\/index.php\/2019\/05\/15\/estudantes-do-ifpr-bloqueiam-transito-na-joao-negrao-em-protesto-contra-bolsonaro\/","title":{"rendered":"Estudantes do IFPR bloqueiam tr\u00e2nsito na Jo\u00e3o Negr\u00e3o em protesto contra Bolsonaro"},"content":{"rendered":"\n<h4 class=\"wp-block-heading\">O fluxo de carros est\u00e1 sendo desviado para a Av. Igua\u00e7u<\/h4>\n\n\n\n<p>O tr\u00e2nsito na rua Jo\u00e3o Negr\u00e3o,&nbsp;em frente ao Instituto Federal (IFPR), est\u00e1 completamente bloqueado, na tarde desta quarta-feira (15).&nbsp; Manifestantes contr\u00e1rio as medidas do governo Jair Bolsonaro est\u00e3o impedindo a passagem de ve\u00edculos, exatamente na esquina com a Avenida Igua\u00e7u.<\/p>\n\n\n\n<p>O fluxo de carros est\u00e1 sendo desviado para a Av. Igua\u00e7u. Os manifestantes s\u00e3o estudantes do IFPR que participam dos atos que acontecem em todo o pa\u00eds. Agentes da Setran (Secret\u00e1ria de Tr\u00e2nsito) orientam os motoristas.<\/p>\n\n\n\n<p>BandaB<\/p>\n","protected":false},"excerpt":{"rendered":"<p>O fluxo de carros est\u00e1 sendo desviado para a Av. Igua\u00e7u O tr\u00e2nsito na rua Jo\u00e3o Negr\u00e3o,&nbsp;em frente ao Instituto Federal (IFPR), est\u00e1 completamente bloqueado, na tarde desta quarta-feira (15).&nbsp; Manifestantes contr\u00e1rio as medidas do governo Jair Bolsonaro est\u00e3o impedindo a passagem de ve\u00edculos, exatamente na esquina com a Avenida Igua\u00e7u. O fluxo de carros [&hellip;]<\/p>\n","protected":false},"author":2,"featured_media":10426,"comment_status":"open","ping_status":"open","sticky":false,"template":"","format":"standard","meta":{"advanced_seo_description":"","jetpack_seo_html_title":"","jetpack_seo_noindex":false,"_jetpack_memberships_contains_paid_content":false,"footnotes":""},"categories":[42],"tags":[],"class_list":{"0":"post-10425","1":"post","2":"type-post","3":"status-publish","4":"format-standard","5":"has-post-thumbnail","7":"category-cidades"},"jetpack_featured_media_url":"https:\/\/www.paranapraia.com.br\/wp-content\/uploads\/2019\/05\/estu.jpeg","jetpack_sharing_enabled":true,"_links":{"self":[{"href":"https:\/\/www.paranapraia.com.br\/index.php\/wp-json\/wp\/v2\/posts\/10425"}],"collection":[{"href":"https:\/\/www.paranapraia.com.br\/index.php\/wp-json\/wp\/v2\/posts"}],"about":[{"href":"https:\/\/www.paranapraia.com.br\/index.php\/wp-json\/wp\/v2\/types\/post"}],"author":[{"embeddable":true,"href":"https:\/\/www.paranapraia.com.br\/index.php\/wp-json\/wp\/v2\/users\/2"}],"replies":[{"embeddable":true,"href":"https:\/\/www.paranapraia.com.br\/index.php\/wp-json\/wp\/v2\/comments?post=10425"}],"version-history":[{"count":1,"href":"https:\/\/www.paranapraia.com.br\/index.php\/wp-json\/wp\/v2\/posts\/10425\/revisions"}],"predecessor-version":[{"id":10427,"href":"https:\/\/www.paranapraia.com.br\/index.php\/wp-json\/wp\/v2\/posts\/10425\/revisions\/10427"}],"wp:featuredmedia":[{"embeddable":true,"href":"https:\/\/www.paranapraia.com.br\/index.php\/wp-json\/wp\/v2\/media\/10426"}],"wp:attachment":[{"href":"https:\/\/www.paranapraia.com.br\/index.php\/wp-json\/wp\/v2\/media?parent=10425"}],"wp:term":[{"taxonomy":"category","embeddable":true,"href":"https:\/\/www.paranapraia.com.br\/index.php\/wp-json\/wp\/v2\/categories?post=10425"},{"taxonomy":"post_tag","embeddable":true,"href":"https:\/\/www.paranapraia.com.br\/index.php\/wp-json\/wp\/v2\/tags?post=10425"}],"curies":[{"name":"wp","href":"https:\/\/api.w.org\/{rel}","templated":true}]}}