{"id":10420,"date":"2019-05-15T11:50:43","date_gmt":"2019-05-15T14:50:43","guid":{"rendered":"https:\/\/www.paranapraia.com.br\/?p=10420"},"modified":"2019-05-15T11:50:51","modified_gmt":"2019-05-15T14:50:51","slug":"presos-fazem-rebeliao-na-delegacia-de-sao-jose-dos-pinhais-e-detento-morre","status":"publish","type":"post","link":"https:\/\/www.paranapraia.com.br\/index.php\/2019\/05\/15\/presos-fazem-rebeliao-na-delegacia-de-sao-jose-dos-pinhais-e-detento-morre\/","title":{"rendered":"Presos fazem rebeli\u00e3o na Delegacia de S\u00e3o Jos\u00e9 dos Pinhais, e detento morre"},"content":{"rendered":"\n<h4 class=\"wp-block-heading\">De acordo com a OAB-PR, os presos pediram medicamentos para um detento que passava mal e, quando o investigador foi levar os rem\u00e9dios, acabou sendo rendido. Ent\u00e3o, outro investigador atirou em um dos presos para salvar o colega.<\/h4>\n\n\n\n<p>Presos da Delegacia de S\u00e3o Jos\u00e9 dos Pinhais, na Regi\u00e3o Metropolitana de Curitiba, fizeram uma rebeli\u00e3o na noite de ter\u00e7a-feira (14), por volta das 22h. Um detento morreu baleado.<\/p>\n\n\n\n<p>De acordo com a Ordem dos Advogados do Brasil \u2013 Se\u00e7\u00e3o do Paran\u00e1 (OAB-PR), os presos pediram medicamentos para um detento que passava mal e, quando o investigador foi levar os rem\u00e9dios, acabou sendo rendido. Ent\u00e3o, outro investigador atirou em um dos presos para salvar o colega.<\/p>\n\n\n\n<p>&#8220;Eu conversei com os dois investigadores e, segundo eles, alguns presos pediram medicamento e, nesse momento que foram entregar os medicamentos, um dos policiais foi rendido. O segundo policial que estava atr\u00e1s teve que fazer o uso da arma de fogo&#8221;, afirmou o advogado da comiss\u00e3o de direitos humanos da OAB-PR, Nilton Ribeiro.<\/p>\n\n\n\n<p>O advogado disse que o Instituto de Criminal\u00edstica foi ao local. &#8220;\u00c9 lament\u00e1vel a perda de uma pessoa&#8221;, pontuou Ribeiro.<\/p>\n\n\n\n<p>O detento atingido pelo tiro tinha 25 anos e morreu antes de a ambul\u00e2ncia chegar para prestar socorro. O irm\u00e3o desse preso identificou o corpo, que foi levado ao Instituto M\u00e9dico-Legal (IML). Esse familiar relatou que o rapaz estava preso na delegacia h\u00e1 dois meses por roubo.<\/p>\n\n\n\n<p>A carceragem da delegacia tem capacidade para oito presos, por\u00e9m, segundo a OAB-PR, abriga 64.<\/p>\n\n\n\n<blockquote class=\"wp-block-quote is-layout-flow wp-block-quote-is-layout-flow\"><p>&#8220;O fato \u00e9 que delegacia n\u00e3o \u00e9 lugar de preso. Delegacia \u00e9 lugar de investiga\u00e7\u00e3o. Delegacia \u00e9 o local onde os investigadores e os delegados de pol\u00edcia t\u00eam que trabalhar. Lugar de preso \u00e9 em penitenci\u00e1ria, em casa de cust\u00f3dia&#8221;, afirmou o advogado.<\/p><\/blockquote>\n\n\n\n<h2 class=\"wp-block-heading\">O que diz a Pol\u00edcia Civil<\/h2>\n\n\n\n<p>Por meio de nota, a Pol\u00edcia Civil informou que &#8220;cinco detentos que tentaram contra a vida do policial civil foram autuados em flagrante por tentativa de homic\u00eddio&#8221;.<\/p>\n\n\n\n<p>Al\u00e9m disso, um inqu\u00e9rito policial foi instaurado para apurar os fatos.<\/p>\n\n\n\n<p>BandaB<\/p>\n","protected":false},"excerpt":{"rendered":"<p>De acordo com a OAB-PR, os presos pediram medicamentos para um detento que passava mal e, quando o investigador foi levar os rem\u00e9dios, acabou sendo rendido. Ent\u00e3o, outro investigador atirou em um dos presos para salvar o colega. Presos da Delegacia de S\u00e3o Jos\u00e9 dos Pinhais, na Regi\u00e3o Metropolitana de Curitiba, fizeram uma rebeli\u00e3o na [&hellip;]<\/p>\n","protected":false},"author":2,"featured_media":10421,"comment_status":"open","ping_status":"open","sticky":false,"template":"","format":"standard","meta":{"advanced_seo_description":"","jetpack_seo_html_title":"","jetpack_seo_noindex":false,"_jetpack_memberships_contains_paid_content":false,"footnotes":""},"categories":[33],"tags":[],"class_list":{"0":"post-10420","1":"post","2":"type-post","3":"status-publish","4":"format-standard","5":"has-post-thumbnail","7":"category-policia"},"jetpack_featured_media_url":"https:\/\/www.paranapraia.com.br\/wp-content\/uploads\/2019\/05\/iu-1.jpg","jetpack_sharing_enabled":true,"_links":{"self":[{"href":"https:\/\/www.paranapraia.com.br\/index.php\/wp-json\/wp\/v2\/posts\/10420"}],"collection":[{"href":"https:\/\/www.paranapraia.com.br\/index.php\/wp-json\/wp\/v2\/posts"}],"about":[{"href":"https:\/\/www.paranapraia.com.br\/index.php\/wp-json\/wp\/v2\/types\/post"}],"author":[{"embeddable":true,"href":"https:\/\/www.paranapraia.com.br\/index.php\/wp-json\/wp\/v2\/users\/2"}],"replies":[{"embeddable":true,"href":"https:\/\/www.paranapraia.com.br\/index.php\/wp-json\/wp\/v2\/comments?post=10420"}],"version-history":[{"count":1,"href":"https:\/\/www.paranapraia.com.br\/index.php\/wp-json\/wp\/v2\/posts\/10420\/revisions"}],"predecessor-version":[{"id":10422,"href":"https:\/\/www.paranapraia.com.br\/index.php\/wp-json\/wp\/v2\/posts\/10420\/revisions\/10422"}],"wp:featuredmedia":[{"embeddable":true,"href":"https:\/\/www.paranapraia.com.br\/index.php\/wp-json\/wp\/v2\/media\/10421"}],"wp:attachment":[{"href":"https:\/\/www.paranapraia.com.br\/index.php\/wp-json\/wp\/v2\/media?parent=10420"}],"wp:term":[{"taxonomy":"category","embeddable":true,"href":"https:\/\/www.paranapraia.com.br\/index.php\/wp-json\/wp\/v2\/categories?post=10420"},{"taxonomy":"post_tag","embeddable":true,"href":"https:\/\/www.paranapraia.com.br\/index.php\/wp-json\/wp\/v2\/tags?post=10420"}],"curies":[{"name":"wp","href":"https:\/\/api.w.org\/{rel}","templated":true}]}}