{"id":10417,"date":"2019-05-15T11:47:22","date_gmt":"2019-05-15T14:47:22","guid":{"rendered":"https:\/\/www.paranapraia.com.br\/?p=10417"},"modified":"2019-05-15T11:47:33","modified_gmt":"2019-05-15T14:47:33","slug":"nao-podemos-ignorar-o-estado-fuzilando-civis-diz-ministra-que-votou-por-prisao-de-militares","status":"publish","type":"post","link":"https:\/\/www.paranapraia.com.br\/index.php\/2019\/05\/15\/nao-podemos-ignorar-o-estado-fuzilando-civis-diz-ministra-que-votou-por-prisao-de-militares\/","title":{"rendered":"\u2018N\u00e3o podemos ignorar o Estado fuzilando civis\u2019, diz ministra que votou por pris\u00e3o de militares"},"content":{"rendered":"\n<h4 class=\"wp-block-heading\">Sess\u00e3o foi suspensa por um pedido de vista e o caso deve ser retomado nesta semana ou na pr\u00f3xima.<\/h4>\n\n\n\n<p>\u00danica integrante do Superior Tribunal Militar (STM) a votar, at\u00e9 o momento, por manter a pris\u00e3o preventiva dos militares que mataram a tiros um m\u00fasico e um catador no Rio de Janeiro, a ministra Maria Elizabeth Rocha diz que a decis\u00e3o que a Corte tomar\u00e1 tem um impacto que vai al\u00e9m do caso espec\u00edfico.<\/p>\n\n\n\n<p>Em entrevista \u00e0 BBC News Brasil, Elizabeth Rocha diz que a Justi\u00e7a Militar precisa deixar claro que n\u00e3o \u00e9 aceit\u00e1vel \u201co Estado fuzilar civis\u201d. \u201cEu compartilho da indigna\u00e7\u00e3o popular. O que aconteceu realmente n\u00e3o pode ser ignorado. Foi o Estado fuzilando cidad\u00e3os. Isso n\u00e3o \u00e9 poss\u00edvel aceitar.\u201d<\/p>\n\n\n\n<p>At\u00e9 agora, quatro ministros do STM votaram a favor de conceder habeas corpus aos nove militares que dispararam 257 tiros contra o carro conduzido pelo m\u00fasico Evaldo dos Santos Rosa, no dia 7 de abril. Apenas Elizabeth Rocha votou, at\u00e9 agora, contra a libera\u00e7\u00e3o deles, num julgamento que teve in\u00edcio no dia 8 de maio.<\/p>\n\n\n\n<p>A sess\u00e3o foi suspensa por um pedido de vista e o caso deve ser retomado nesta semana ou na pr\u00f3xima. Al\u00e9m de Evaldo dos Santos Rosa, outras quatro pessoas estavam no ve\u00edculo alvejado: a esposa de Evaldo, o filho de sete anos do casal, o sogro dele e uma amiga.<\/p>\n\n\n\n<p>O sogro foi baleado, mas se recuperou. O catador Luciano Macedo, que passava pelo local e tentou socorrer as v\u00edtimas, foi atingido por tr\u00eas tiros e morreu dias depois.<\/p>\n\n\n\n<p>Os militares alegaram que foram parados por uma pessoa que disse ter tido o carro roubado. Ao perseguir os criminosos, teriam confundido o ve\u00edculo, um Ford Ka branco, com o carro da mesma marca e cor usado por Evaldo. Eles alegaram ainda que, durante a persegui\u00e7\u00e3o, houve troca de tiros.<\/p>\n\n\n\n<p>Mas, segundo Elizabeth Rocha, a per\u00edcia at\u00e9 agora n\u00e3o comprovou os disparos que teriam sido efetuados pelos bandidos. Al\u00e9m disso, a segunda rajada contra o carro do m\u00fasico foi feita quando o ve\u00edculo j\u00e1 estava parado, de portas abertas, quando claramente n\u00e3o havia tiroteio.<\/p>\n\n\n\n<p>\u201cAt\u00e9 para a leg\u00edtima defesa tem que haver proporcionalidade. Se uma pessoa te amea\u00e7a com uma faca de cozinha, voc\u00ea n\u00e3o pode reagir dando 20 tiros de rev\u00f3lver\u201d, diz.<\/p>\n\n\n\n<p>\u201cNo meu voto, eu mostro que n\u00e3o havia risco nenhum, porque a pessoa que tinha sido assaltada n\u00e3o tinha sido raptada, sequestrada. O Ex\u00e9rcito acabou agindo para resguardar um bem patrimonial, n\u00e3o foi nem a vida de uma pessoa.\u201d<\/p>\n\n\n\n<p>Na sexta, a Justi\u00e7a Militar em primeiro grau aceitou den\u00fancia contra os nove militares por homic\u00eddio qualificado, tentativa de homic\u00eddio qualificado e omiss\u00e3o de socorro. O STM decidir\u00e1 se eles devem responder presos ou em liberdade.<\/p>\n\n\n\n<p>Este \u00e9 o primeiro grande julgamento de um crime de homic\u00eddio cometido por militares contra civis desde que foi sancionada, em outubro de 2017, uma lei que transferiu da Justi\u00e7a comum para Justi\u00e7a militar a prerrogativa de decidir sobre esses casos.<\/p>\n\n\n\n<p>Antes, crimes como o cometido pelos nove militares eram julgados por um tribunal do j\u00fari. A lei est\u00e1 sendo questionada no Supremo Tribunal Federal pela Procuradoria-Geral da Rep\u00fablica, que afirma que \u00e9 inconstitucional retirar do tribunal do j\u00fari a compet\u00eancia de julgar crimes contra a vida.<\/p>\n\n\n\n<p>BandaB<\/p>\n","protected":false},"excerpt":{"rendered":"<p>Sess\u00e3o foi suspensa por um pedido de vista e o caso deve ser retomado nesta semana ou na pr\u00f3xima. \u00danica integrante do Superior Tribunal Militar (STM) a votar, at\u00e9 o momento, por manter a pris\u00e3o preventiva dos militares que mataram a tiros um m\u00fasico e um catador no Rio de Janeiro, a ministra Maria Elizabeth [&hellip;]<\/p>\n","protected":false},"author":2,"featured_media":10418,"comment_status":"open","ping_status":"open","sticky":false,"template":"","format":"standard","meta":{"advanced_seo_description":"","jetpack_seo_html_title":"","jetpack_seo_noindex":false,"_jetpack_memberships_contains_paid_content":false,"footnotes":""},"categories":[43],"tags":[],"class_list":{"0":"post-10417","1":"post","2":"type-post","3":"status-publish","4":"format-standard","5":"has-post-thumbnail","7":"category-cotidiano"},"jetpack_featured_media_url":"https:\/\/www.paranapraia.com.br\/wp-content\/uploads\/2019\/05\/juiza.jpg","jetpack_sharing_enabled":true,"_links":{"self":[{"href":"https:\/\/www.paranapraia.com.br\/index.php\/wp-json\/wp\/v2\/posts\/10417"}],"collection":[{"href":"https:\/\/www.paranapraia.com.br\/index.php\/wp-json\/wp\/v2\/posts"}],"about":[{"href":"https:\/\/www.paranapraia.com.br\/index.php\/wp-json\/wp\/v2\/types\/post"}],"author":[{"embeddable":true,"href":"https:\/\/www.paranapraia.com.br\/index.php\/wp-json\/wp\/v2\/users\/2"}],"replies":[{"embeddable":true,"href":"https:\/\/www.paranapraia.com.br\/index.php\/wp-json\/wp\/v2\/comments?post=10417"}],"version-history":[{"count":1,"href":"https:\/\/www.paranapraia.com.br\/index.php\/wp-json\/wp\/v2\/posts\/10417\/revisions"}],"predecessor-version":[{"id":10419,"href":"https:\/\/www.paranapraia.com.br\/index.php\/wp-json\/wp\/v2\/posts\/10417\/revisions\/10419"}],"wp:featuredmedia":[{"embeddable":true,"href":"https:\/\/www.paranapraia.com.br\/index.php\/wp-json\/wp\/v2\/media\/10418"}],"wp:attachment":[{"href":"https:\/\/www.paranapraia.com.br\/index.php\/wp-json\/wp\/v2\/media?parent=10417"}],"wp:term":[{"taxonomy":"category","embeddable":true,"href":"https:\/\/www.paranapraia.com.br\/index.php\/wp-json\/wp\/v2\/categories?post=10417"},{"taxonomy":"post_tag","embeddable":true,"href":"https:\/\/www.paranapraia.com.br\/index.php\/wp-json\/wp\/v2\/tags?post=10417"}],"curies":[{"name":"wp","href":"https:\/\/api.w.org\/{rel}","templated":true}]}}