{"id":10414,"date":"2019-05-15T11:45:25","date_gmt":"2019-05-15T14:45:25","guid":{"rendered":"https:\/\/www.paranapraia.com.br\/?p=10414"},"modified":"2019-05-15T11:45:35","modified_gmt":"2019-05-15T14:45:35","slug":"ciro-diz-que-lula-e-enganador-profissional-e-defunto-eleitoral","status":"publish","type":"post","link":"https:\/\/www.paranapraia.com.br\/index.php\/2019\/05\/15\/ciro-diz-que-lula-e-enganador-profissional-e-defunto-eleitoral\/","title":{"rendered":"Ciro diz que Lula \u00e9 \u2018enganador profissional\u2019 e \u2018defunto eleitoral\u2019"},"content":{"rendered":"\n<h4 class=\"wp-block-heading\">Ciro diz ter ficado &#8220;deprimido&#8221; ao assistir a entrevista que Lula concedeu da pris\u00e3o aos jornais El Pa\u00eds e Folha de S.Paulo pela falta de autocr\u00edtica<\/h4>\n\n\n\n<p>O candidato derrotado \u00e0 Presid\u00eancia da Rep\u00fablica em 2018 Ciro Gomes (PDT) fez cr\u00edticas ao ex-presidente Luiz In\u00e1cio Lula da Silva e ao PT em sua participa\u00e7\u00e3o na reestreia do<strong>&nbsp;programa Provoca\u00e7\u00f5es<\/strong>, da TV Cultura, agora apresentado por<strong>&nbsp;Marcelo Ta<\/strong>s nesta ter\u00e7a-feira, 14.<\/p>\n\n\n\n<p>Ciro diz ter ficado \u201cdeprimido\u201d ao assistir a entrevista que Lula concedeu da pris\u00e3o aos jornais El Pa\u00eds e Folha de S.Paulo pela falta de autocr\u00edtica. \u201cEu conhe\u00e7o o Lula. Ele \u00e9 um encantador de serpentes, um enganador profissional. N\u00e3o tem um companheiro com quem ele n\u00e3o tenha sido desleal ao longo da vida inteira, ele cultiva isso\u201d, disse.<\/p>\n\n\n\n<p>O ex-governador do Cear\u00e1 voltou a falar que, se Lula se considera um preso pol\u00edtico, deveria ter pedido asilo em alguma embaixada. \u201cA petezada amalucada n\u00e3o percebe a incongru\u00eancia. Se eu sou acusado falsamente e amea\u00e7ado de pris\u00e3o arbitr\u00e1ria e pol\u00edtica, eu iria a uma embaixada pedir asilo e denunciar. Se Lula se acha um preso pol\u00edtico, \u00e9 a \u00fanica sa\u00edda. Sugeri isso.\u201d<\/p>\n\n\n\n<p>O ex-ministro disse que o PT tem dificuldades para lidar com o fato de Lula ter se tornado um \u201cdefunto eleitoral\u201d por conta das condena\u00e7\u00f5es. O ex-presidente est\u00e1 preso em Curitiba e foi condenado em tr\u00eas inst\u00e2ncias pelo caso do triplex na Opera\u00e7\u00e3o Lava Jato.<\/p>\n\n\n\n<p>\u201cNo PT todo mundo sabe que do ponto de vista eleitoral o Lula \u00e9 carta fora do baralho. Como manejar este defunto eleitoral \u00e9 muito delicado para todos eles. Ele fez uma lei que determina que num Pa\u00eds com quatro graus de jurisdi\u00e7\u00e3o, no 2\u00ba grau de condena\u00e7\u00e3o, voc\u00ea perde os direitos pol\u00edticos. Ele est\u00e1 ineleg\u00edvel at\u00e9 fazer 90 anos.\u201d<\/p>\n\n\n\n<p>Ciro tamb\u00e9m falou sobre Jair Bolsonaro. Disse que o presidente venceu a elei\u00e7\u00e3o aproveitando-se da onda antipetista e, com a facada, teve uma raz\u00e3o fact\u00edvel para n\u00e3o ir aos debates na TV, algo que o favoreceu, na avalia\u00e7\u00e3o do ex-ministro.<\/p>\n\n\n\n<p>\u201cSignificava que o mais tosco, simples e f\u00e1cil de ser entendido como int\u00e9rprete do antipetismo decolava. Era o Bolsonaro. Nenhum de n\u00f3s, pol\u00edticos, achava que ele se aguentava porque era muito vazio. Ningu\u00e9m botava f\u00e9. Ele foi adiante por conta da facada, que deu a ele uma raz\u00e3o para n\u00e3o ir aos debates.\u201d<\/p>\n\n\n\n<p>Criticado pela esquerda por n\u00e3o ter declarado apoio a Fernando Haddad, candidato do PT contra Bolsonaro no 2\u00ba turno na elei\u00e7\u00e3o do ano passado, Ciro diz n\u00e3o sentir culpa e criticou o partido de Haddad citando erros da gest\u00e3o de Dilma Rousseff e a escolha de Michel Temer (MDB) para a vice-presid\u00eancia de Dilma.<\/p>\n\n\n\n<p>\u201cEra s\u00f3 olhar para as pesquisas. Para o bolsominion, o Bolsonaro pode andar pelado na rua e isso vai ser relativizado. Assim virou o fan\u00e1tico do PT. S\u00f3 que eu j\u00e1 engoli m* em nome deles demais. Mais muita. Dilma 1 e Dilma 2, por exemplo. Se ningu\u00e9m sabia, eu sabia que ela n\u00e3o tinha experi\u00eancia de nada. E o Michel Temer eu denunciei que ele rouba h\u00e1 mais de 30 anos. O governo dela foi um desastre transcendental e o PT apaga\u201d, afirmou.<\/p>\n\n\n\n<p>BandaB<\/p>\n","protected":false},"excerpt":{"rendered":"<p>Ciro diz ter ficado &#8220;deprimido&#8221; ao assistir a entrevista que Lula concedeu da pris\u00e3o aos jornais El Pa\u00eds e Folha de S.Paulo pela falta de autocr\u00edtica O candidato derrotado \u00e0 Presid\u00eancia da Rep\u00fablica em 2018 Ciro Gomes (PDT) fez cr\u00edticas ao ex-presidente Luiz In\u00e1cio Lula da Silva e ao PT em sua participa\u00e7\u00e3o na reestreia [&hellip;]<\/p>\n","protected":false},"author":2,"featured_media":10415,"comment_status":"open","ping_status":"open","sticky":false,"template":"","format":"standard","meta":{"advanced_seo_description":"","jetpack_seo_html_title":"","jetpack_seo_noindex":false,"_jetpack_memberships_contains_paid_content":false,"footnotes":""},"categories":[32],"tags":[],"class_list":{"0":"post-10414","1":"post","2":"type-post","3":"status-publish","4":"format-standard","5":"has-post-thumbnail","7":"category-politica"},"jetpack_featured_media_url":"https:\/\/www.paranapraia.com.br\/wp-content\/uploads\/2019\/05\/ciro-gomes-2.jpg","jetpack_sharing_enabled":true,"_links":{"self":[{"href":"https:\/\/www.paranapraia.com.br\/index.php\/wp-json\/wp\/v2\/posts\/10414"}],"collection":[{"href":"https:\/\/www.paranapraia.com.br\/index.php\/wp-json\/wp\/v2\/posts"}],"about":[{"href":"https:\/\/www.paranapraia.com.br\/index.php\/wp-json\/wp\/v2\/types\/post"}],"author":[{"embeddable":true,"href":"https:\/\/www.paranapraia.com.br\/index.php\/wp-json\/wp\/v2\/users\/2"}],"replies":[{"embeddable":true,"href":"https:\/\/www.paranapraia.com.br\/index.php\/wp-json\/wp\/v2\/comments?post=10414"}],"version-history":[{"count":1,"href":"https:\/\/www.paranapraia.com.br\/index.php\/wp-json\/wp\/v2\/posts\/10414\/revisions"}],"predecessor-version":[{"id":10416,"href":"https:\/\/www.paranapraia.com.br\/index.php\/wp-json\/wp\/v2\/posts\/10414\/revisions\/10416"}],"wp:featuredmedia":[{"embeddable":true,"href":"https:\/\/www.paranapraia.com.br\/index.php\/wp-json\/wp\/v2\/media\/10415"}],"wp:attachment":[{"href":"https:\/\/www.paranapraia.com.br\/index.php\/wp-json\/wp\/v2\/media?parent=10414"}],"wp:term":[{"taxonomy":"category","embeddable":true,"href":"https:\/\/www.paranapraia.com.br\/index.php\/wp-json\/wp\/v2\/categories?post=10414"},{"taxonomy":"post_tag","embeddable":true,"href":"https:\/\/www.paranapraia.com.br\/index.php\/wp-json\/wp\/v2\/tags?post=10414"}],"curies":[{"name":"wp","href":"https:\/\/api.w.org\/{rel}","templated":true}]}}