{"id":1008,"date":"2019-03-18T12:57:29","date_gmt":"2019-03-18T15:57:29","guid":{"rendered":"https:\/\/www.paranapraia.com.br\/?p=1008"},"modified":"2019-03-18T12:57:31","modified_gmt":"2019-03-18T15:57:31","slug":"saude-investiga-duas-mortes-por-suspeita-de-meningite-no-interior-do-parana","status":"publish","type":"post","link":"https:\/\/www.paranapraia.com.br\/index.php\/2019\/03\/18\/saude-investiga-duas-mortes-por-suspeita-de-meningite-no-interior-do-parana\/","title":{"rendered":"Sa\u00fade investiga duas mortes por suspeita de meningite no interior do Paran\u00e1"},"content":{"rendered":"\n<h2 class=\"wp-block-heading\">Beb\u00ea de sete meses e dois anos morreram no fim de semana<\/h2>\n\n\n\n<p>Duas mortes suspeitas de meningite meningoc\u00f3cica s\u00e3o investigadas pela&nbsp;<strong>Secret\u00e1ria de Sa\u00fade<\/strong>&nbsp;do Paran\u00e1. Um caso \u00e9 de um beb\u00ea de sete meses que morreu neste fim de semana no Hospital Universit\u00e1rio (HU) de Maring\u00e1. O outro \u00e9 a&nbsp;<strong>morte de um menino<\/strong>&nbsp;de dois anos em Jataizinho, regi\u00e3o de Londrina, ambas cidades do Norte do Estado.<\/p>\n\n\n\n<p>O menino de dois anos morreu na sexta-feira com caracter\u00edsticas fortemente ligadas \u00e0 meningite. Um exame no Laborat\u00f3rio Central do Estado (Lacen) vai confirmar a causa da morte. Tudo aconteceu muito r\u00e1pido, de acordo com a m\u00e3e. A crian\u00e7a teve febre pela manh\u00e3 de sexta e foi medicada com paracetamol. Entretanto, por volta das 12h20 do mesmo dia, acabou morrendo.<\/p>\n\n\n\n<p>J\u00e1 a beb\u00ea de sete meses, de nome Alice, permaneceu internada com meningite desde o in\u00edcio do m\u00eas e acabou ou n\u00e3o resistindo. Ela foi a segunda morte pela doen\u00e7a na cidade. O primeiro caso aconteceu em fevereiro, quando um menino de um ano n\u00e3o resistiu aos sintomas.<\/p>\n\n\n\n<p><strong>O que \u00e9 a meningite? Quais os principais tipos?<\/strong><\/p>\n\n\n\n<p>A meningite \u00e9 uma infec\u00e7\u00e3o, com inflama\u00e7\u00e3o, do sistema nervoso central. A meninge \u00e9 a membrana que envolve o c\u00e9rebro e quando se tem uma infec\u00e7\u00e3o nela, voc\u00ea tem um quadro grave de inflama\u00e7\u00e3o, febre, dor de cabe\u00e7a, a crian\u00e7a pode vomitar em alguns casos mais graves. A doen\u00e7a \u00e9 causada por v\u00e1rios tipos de agentes infecciosos, que v\u00e3o desde viral at\u00e9 bacterianos e, dentro dos bacterianos temos o meningococo.<\/p>\n\n\n\n<p><strong>Como \u00e9 a forma de cont\u00e1gio da meningite? Ela pode atingir pessoas de qualquer idade?<\/strong><\/p>\n\n\n\n<p>No caso da meningite meningoc\u00f3cica, que \u00e9 essa bact\u00e9ria que a gente chama de bact\u00e9ria contagiosa, existe uma transmiss\u00e3o de uma pessoa para outra. Normalmente, essa transmiss\u00e3o \u00e9 por via a\u00e9rea e a pessoa que est\u00e1 como portadora, transmite para outra pessoa. As crian\u00e7as, quanto mais novinhas, tem maiores riscos de infec\u00e7\u00e3o e casos graves, mas qualquer pessoa pode ter uma meningite meningoc\u00f3cica.<\/p>\n\n\n\n<p><strong>H\u00e1 algum outro tipo de preven\u00e7\u00e3o al\u00e9m da vacina?<\/strong><\/p>\n\n\n\n<p>Quanto h\u00e1 um caso confirmado de meningite meningoc\u00f3cica, \u00e9 feito uma profilaxia com antibi\u00f3ticos nos contactantes pr\u00f3ximos, que s\u00e3o aquelas pessoas que convivem com quem ficou doente: pais, irm\u00e3os, colegas de trabalho ou de sala. Ent\u00e3o \u00e9 feita a profilaxia nas primeiras 48 horas, com antibi\u00f3tico espec\u00edfico, para reduzir a chance dessas pessoas estarem colonizadas ou terem sido infectadas pelo meningococo.<\/p>\n\n\n\n<p><strong>Quais os principais sintomas da meningite meningoc\u00f3cica?<\/strong><\/p>\n\n\n\n<p>Al\u00e9m da dor de cabe\u00e7a, febre, dor de cabe\u00e7a e v\u00f4mito, a meningite meningoc\u00f3cica tamb\u00e9m apresenta manchas vermelhas ou arroxeadas na pele. Nesse caso, a evolu\u00e7\u00e3o \u00e9 bastante r\u00e1pida. Assim que as manchas aparecem, evoluem ao corpo inteiro. \u00c9 uma doen\u00e7a que normalmente evolui de forma muito dr\u00e1stica e com alta chance de \u00f3bito nas primeiras 24, 48 horas.<\/p>\n\n\n\n<p><strong>Quais os tipos de vacina dispon\u00edveis e quem deve se vacinar?<\/strong><\/p>\n\n\n\n<p>Na meningite meningoc\u00f3cica, a gente tem basicamente tr\u00eas tipos de vacina. Isso porque o meningococo tem v\u00e1rios sorotipos, geralmente classificados por letras. Na rede p\u00fablica, temos a vacina contra o tipo C, que \u00e9 respons\u00e1vel por cerca de 70% dos casos de meningite no Brasil. Essa vacina est\u00e1 dispon\u00edvel para crian\u00e7as at\u00e9 um ano de idade. J\u00e1 na rede privada temos vacinas combinadas, como a ACWY, com quatro sorotipos diferentes, ou a meningoc\u00f3cica B, que protege contra o tipo B. Elas s\u00e3o recomendadas na inf\u00e2ncia, mas qualquer pessoa que n\u00e3o tenha sido vacinada, pode ser, sendo ela mais recomendada para crian\u00e7as e adolescentes.<\/p>\n\n\n\n<p>Fonte:BandaB<\/p>\n","protected":false},"excerpt":{"rendered":"<p>Beb\u00ea de sete meses e dois anos morreram no fim de semana Duas mortes suspeitas de meningite meningoc\u00f3cica s\u00e3o investigadas pela&nbsp;Secret\u00e1ria de Sa\u00fade&nbsp;do Paran\u00e1. Um caso \u00e9 de um beb\u00ea de sete meses que morreu neste fim de semana no Hospital Universit\u00e1rio (HU) de Maring\u00e1. O outro \u00e9 a&nbsp;morte de um menino&nbsp;de dois anos em [&hellip;]<\/p>\n","protected":false},"author":2,"featured_media":1010,"comment_status":"open","ping_status":"open","sticky":false,"template":"","format":"standard","meta":{"advanced_seo_description":"","jetpack_seo_html_title":"","jetpack_seo_noindex":false,"_jetpack_memberships_contains_paid_content":false,"footnotes":""},"categories":[50],"tags":[],"class_list":{"0":"post-1008","1":"post","2":"type-post","3":"status-publish","4":"format-standard","5":"has-post-thumbnail","7":"category-saude"},"jetpack_featured_media_url":"https:\/\/www.paranapraia.com.br\/wp-content\/uploads\/2019\/03\/vacinacao-contra-gripe_brasil011-850x567.jpeg","jetpack_sharing_enabled":true,"_links":{"self":[{"href":"https:\/\/www.paranapraia.com.br\/index.php\/wp-json\/wp\/v2\/posts\/1008"}],"collection":[{"href":"https:\/\/www.paranapraia.com.br\/index.php\/wp-json\/wp\/v2\/posts"}],"about":[{"href":"https:\/\/www.paranapraia.com.br\/index.php\/wp-json\/wp\/v2\/types\/post"}],"author":[{"embeddable":true,"href":"https:\/\/www.paranapraia.com.br\/index.php\/wp-json\/wp\/v2\/users\/2"}],"replies":[{"embeddable":true,"href":"https:\/\/www.paranapraia.com.br\/index.php\/wp-json\/wp\/v2\/comments?post=1008"}],"version-history":[{"count":1,"href":"https:\/\/www.paranapraia.com.br\/index.php\/wp-json\/wp\/v2\/posts\/1008\/revisions"}],"predecessor-version":[{"id":1011,"href":"https:\/\/www.paranapraia.com.br\/index.php\/wp-json\/wp\/v2\/posts\/1008\/revisions\/1011"}],"wp:featuredmedia":[{"embeddable":true,"href":"https:\/\/www.paranapraia.com.br\/index.php\/wp-json\/wp\/v2\/media\/1010"}],"wp:attachment":[{"href":"https:\/\/www.paranapraia.com.br\/index.php\/wp-json\/wp\/v2\/media?parent=1008"}],"wp:term":[{"taxonomy":"category","embeddable":true,"href":"https:\/\/www.paranapraia.com.br\/index.php\/wp-json\/wp\/v2\/categories?post=1008"},{"taxonomy":"post_tag","embeddable":true,"href":"https:\/\/www.paranapraia.com.br\/index.php\/wp-json\/wp\/v2\/tags?post=1008"}],"curies":[{"name":"wp","href":"https:\/\/api.w.org\/{rel}","templated":true}]}}